{"id":526,"date":"2025-02-17T22:25:04","date_gmt":"2025-02-17T21:25:04","guid":{"rendered":"https:\/\/www.ampce-mali.org\/?p=526"},"modified":"2025-02-18T15:10:04","modified_gmt":"2025-02-18T14:10:04","slug":"h","status":"publish","type":"post","link":"https:\/\/www.ampce-mali.org\/en\/h\/","title":{"rendered":"<span >Les Jeux Olympiques de l&rsquo;E-sport arrivent en 2027  <br> <span class=\"stitle\">Une opportunit\u00e9 historique pour les gamers maliens<\/span><\/span>"},"content":{"rendered":"<div data-elementor-type=\"wp-post\" data-elementor-id=\"526\" class=\"elementor elementor-526\">\n\t\t\t\t<div class=\"elementor-element elementor-element-f2c18db e-flex e-con-boxed wpr-particle-no wpr-jarallax-no wpr-parallax-no wpr-sticky-section-no e-con e-parent\" data-id=\"f2c18db\" data-element_type=\"container\" data-e-type=\"container\">\n\t\t\t\t\t<div class=\"e-con-inner\">\n\t\t\t\t<div class=\"elementor-element elementor-element-9b7a976 elementor-widget elementor-widget-heading\" data-id=\"9b7a976\" data-element_type=\"widget\" data-e-type=\"widget\" data-widget_type=\"heading.default\">\n\t\t\t\t<div class=\"elementor-widget-container\">\n\t\t\t\t\t<h2 class=\"elementor-heading-title elementor-size-default\">Les Jeux Olympiques de l'E-sport auront lieu en 2027 \u00e0 Riyad<\/h2>\t\t\t\t<\/div>\n\t\t\t\t<\/div>\n\t\t\t\t<div class=\"elementor-element elementor-element-1d6d829 elementor-widget elementor-widget-text-editor\" data-id=\"1d6d829\" data-element_type=\"widget\" data-e-type=\"widget\" data-widget_type=\"text-editor.default\">\n\t\t\t\t<div class=\"elementor-widget-container\">\n\t\t\t\t\t\t\t\t\t<p>L&rsquo;Association Malienne pour la Promotion de la Culture Esport (AMPCE) est ravie d&rsquo;annoncer une avanc\u00e9e majeure pour l&rsquo;e-sport mondial : les premiers Jeux Olympiques de l&rsquo;e-sport se tiendront en 2027 \u00e0 Riyad, en Arabie Saoudite. Cet \u00e9v\u00e9nement marque une reconnaissance historique de la discipline par le Comit\u00e9 International Olympique (CIO).<\/p>\t\t\t\t\t\t\t\t<\/div>\n\t\t\t\t<\/div>\n\t\t\t\t\t<\/div>\n\t\t\t\t<\/div>\n\t\t<div class=\"elementor-element elementor-element-c84363e e-flex e-con-boxed wpr-particle-no wpr-jarallax-no wpr-parallax-no wpr-sticky-section-no e-con e-parent\" data-id=\"c84363e\" data-element_type=\"container\" data-e-type=\"container\">\n\t\t\t\t\t<div class=\"e-con-inner\">\n\t\t\t\t<div class=\"elementor-element elementor-element-2f22ae2 elementor-widget elementor-widget-heading\" data-id=\"2f22ae2\" data-element_type=\"widget\" data-e-type=\"widget\" data-widget_type=\"heading.default\">\n\t\t\t\t<div class=\"elementor-widget-container\">\n\t\t\t\t\t<h4 class=\"elementor-heading-title elementor-size-default\">Une comp\u00e9tition repouss\u00e9e pour un meilleur impact<\/h4>\t\t\t\t<\/div>\n\t\t\t\t<\/div>\n\t\t\t\t<div class=\"elementor-element elementor-element-1a4ca1f elementor-widget elementor-widget-text-editor\" data-id=\"1a4ca1f\" data-element_type=\"widget\" data-e-type=\"widget\" data-widget_type=\"text-editor.default\">\n\t\t\t\t<div class=\"elementor-widget-container\">\n\t\t\t\t\t\t\t\t\t<p>Initialement pr\u00e9vus pour 2025, ces Jeux ont \u00e9t\u00e9 report\u00e9s \u00e0 2027 afin de mieux structurer l&rsquo;\u00e9v\u00e9nement et assurer un rayonnement international optimal. Le pr\u00e9sident du CIO, Thomas Bach, a d\u00e9clar\u00e9 : <em>\u00ab\u00a0Il existe d\u00e9sormais une feuille de route tr\u00e8s claire vers les tout premiers Jeux Olympiques de l&rsquo;e-sport.\u00a0\u00bb<\/em><\/p>\n\t\t\t\t\t\t\t\t<\/div>\n\t\t\t\t<\/div>\n\t\t\t\t\t<\/div>\n\t\t\t\t<\/div>\n\t\t<div class=\"elementor-element elementor-element-a7f966e e-flex e-con-boxed wpr-particle-no wpr-jarallax-no wpr-parallax-no wpr-sticky-section-no e-con e-parent\" data-id=\"a7f966e\" data-element_type=\"container\" data-e-type=\"container\">\n\t\t\t\t\t<div class=\"e-con-inner\">\n\t\t\t\t<div class=\"elementor-element elementor-element-d2c2836 elementor-widget elementor-widget-heading\" data-id=\"d2c2836\" data-element_type=\"widget\" data-e-type=\"widget\" data-widget_type=\"heading.default\">\n\t\t\t\t<div class=\"elementor-widget-container\">\n\t\t\t\t\t<h4 class=\"elementor-heading-title elementor-size-default\">Une attente pleine d\u2019espoir pour la communaut\u00e9 e-sportive malienne<\/h4>\t\t\t\t<\/div>\n\t\t\t\t<\/div>\n\t\t\t\t<div class=\"elementor-element elementor-element-2e9086b elementor-widget elementor-widget-text-editor\" data-id=\"2e9086b\" data-element_type=\"widget\" data-e-type=\"widget\" data-widget_type=\"text-editor.default\">\n\t\t\t\t<div class=\"elementor-widget-container\">\n\t\t\t\t\t\t\t\t\t<p>Au Mali, la communaut\u00e9 des gamers suit cette \u00e9volution avec enthousiasme. Cet \u00e9v\u00e9nement repr\u00e9sente une opportunit\u00e9 unique pour les talents locaux de briller sur la sc\u00e8ne mondiale et de d\u00e9montrer leur savoir-faire face aux meilleures \u00e9quipes internationales.<\/p>\t\t\t\t\t\t\t\t<\/div>\n\t\t\t\t<\/div>\n\t\t\t\t\t<\/div>\n\t\t\t\t<\/div>\n\t\t<div class=\"elementor-element elementor-element-b6d1354 e-flex e-con-boxed wpr-particle-no wpr-jarallax-no wpr-parallax-no wpr-sticky-section-no e-con e-parent\" data-id=\"b6d1354\" data-element_type=\"container\" data-e-type=\"container\">\n\t\t\t\t\t<div class=\"e-con-inner\">\n\t\t\t\t<div class=\"elementor-element elementor-element-af2e277 elementor-widget elementor-widget-heading\" data-id=\"af2e277\" data-element_type=\"widget\" data-e-type=\"widget\" data-widget_type=\"heading.default\">\n\t\t\t\t<div class=\"elementor-widget-container\">\n\t\t\t\t\t<h4 class=\"elementor-heading-title elementor-size-default\">L\u2019AMPCE engag\u00e9e pour le d\u00e9veloppement de l'e-sport au Mali<\/h4>\t\t\t\t<\/div>\n\t\t\t\t<\/div>\n\t\t\t\t<div class=\"elementor-element elementor-element-1ae3fe0 elementor-widget elementor-widget-text-editor\" data-id=\"1ae3fe0\" data-element_type=\"widget\" data-e-type=\"widget\" data-widget_type=\"text-editor.default\">\n\t\t\t\t<div class=\"elementor-widget-container\">\n\t\t\t\t\t\t\t\t\t<p>En tant que membre actif de la <strong>Conf\u00e9d\u00e9ration Africaine des Sports \u00c9lectroniques (CASE)<\/strong> et de la <strong>Ligue Esport du District de Bamako<\/strong>, l&rsquo;AMPCE s&rsquo;investit activement dans la promotion et la formation des joueurs maliens. Notre objectif est d&rsquo;accompagner et de pr\u00e9parer les comp\u00e9titeurs nationaux pour les futures qualifications aux Jeux Olympiques de l&rsquo;e-sport.<\/p>\t\t\t\t\t\t\t\t<\/div>\n\t\t\t\t<\/div>\n\t\t\t\t\t<\/div>\n\t\t\t\t<\/div>\n\t\t<div class=\"elementor-element elementor-element-0268a42 e-flex e-con-boxed wpr-particle-no wpr-jarallax-no wpr-parallax-no wpr-sticky-section-no e-con e-parent\" data-id=\"0268a42\" data-element_type=\"container\" data-e-type=\"container\">\n\t\t\t\t\t<div class=\"e-con-inner\">\n\t\t\t\t<div class=\"elementor-element elementor-element-3d047be elementor-widget elementor-widget-heading\" data-id=\"3d047be\" data-element_type=\"widget\" data-e-type=\"widget\" data-widget_type=\"heading.default\">\n\t\t\t\t<div class=\"elementor-widget-container\">\n\t\t\t\t\t<h4 class=\"elementor-heading-title elementor-size-default\">Restez connect\u00e9s pour suivre les pr\u00e9paratifs<\/h4>\t\t\t\t<\/div>\n\t\t\t\t<\/div>\n\t\t\t\t<div class=\"elementor-element elementor-element-c15893f elementor-widget elementor-widget-text-editor\" data-id=\"c15893f\" data-element_type=\"widget\" data-e-type=\"widget\" data-widget_type=\"text-editor.default\">\n\t\t\t\t<div class=\"elementor-widget-container\">\n\t\t\t\t\t\t\t\t\t<p>L\u2019AMPCE encourage tous les passionn\u00e9s d\u2019e-sport \u00e0 se mobiliser et \u00e0 suivre de pr\u00e8s les prochaines \u00e9tapes de s\u00e9lection. Nous continuerons \u00e0 informer la communaut\u00e9 malienne sur les avanc\u00e9es du projet et les opportunit\u00e9s de participation.<\/p> <p><strong>Suivez-nous pour ne rien manquer et ensemble, faisons rayonner l&rsquo;e-sport malien sur la sc\u00e8ne olympique !<\/strong><\/p>\t\t\t\t\t\t\t\t<\/div>\n\t\t\t\t<\/div>\n\t\t\t\t\t<\/div>\n\t\t\t\t<\/div>\n\t\t\t\t<\/div>\n\t\t\n    <div class=\"xs_social_share_widget xs_share_url after_content \t\tmain_content  wslu-style-1 wslu-share-box-shaped wslu-fill-colored wslu-none wslu-share-horizontal wslu-theme-font-no wslu-main_content\">\n\n\t\t\n        <ul>\n\t\t\t        <\/ul>\n    <\/div>","protected":false},"excerpt":{"rendered":"<p>Les Jeux Olympiques de l&rsquo;E-sport auront lieu en 2027 \u00e0 Riyad L&rsquo;Association Malienne pour la Promotion de la Culture Esport (AMPCE) est ravie d&rsquo;annoncer une avanc\u00e9e majeure pour l&rsquo;e-sport mondial : les premiers Jeux Olympiques de l&rsquo;e-sport se tiendront en 2027 \u00e0 Riyad, en Arabie Saoudite. Cet \u00e9v\u00e9nement marque une reconnaissance historique de la discipline par le Comit\u00e9 International Olympique (CIO). Une comp\u00e9tition repouss\u00e9e pour un meilleur impact Initialement pr\u00e9vus pour 2025, ces Jeux ont \u00e9t\u00e9 report\u00e9s \u00e0 2027 afin de mieux structurer l&rsquo;\u00e9v\u00e9nement et assurer un rayonnement international optimal. Le pr\u00e9sident du CIO, Thomas Bach, a d\u00e9clar\u00e9 : \u00ab\u00a0Il existe d\u00e9sormais une feuille de route tr\u00e8s claire vers les tout premiers Jeux Olympiques de l&rsquo;e-sport.\u00a0\u00bb Une attente pleine d\u2019espoir pour la communaut\u00e9 e-sportive malienne Au Mali, la communaut\u00e9 des gamers suit cette \u00e9volution avec enthousiasme. Cet \u00e9v\u00e9nement repr\u00e9sente une opportunit\u00e9 unique pour les talents locaux de briller sur la sc\u00e8ne mondiale et de d\u00e9montrer leur savoir-faire face aux meilleures \u00e9quipes internationales. L\u2019AMPCE engag\u00e9e pour le d\u00e9veloppement de l&rsquo;e-sport au Mali En tant que membre actif de la Conf\u00e9d\u00e9ration Africaine des Sports \u00c9lectroniques (CASE) et de la Ligue Esport du District de Bamako, l&rsquo;AMPCE s&rsquo;investit activement dans la promotion et la formation des joueurs maliens. Notre objectif est d&rsquo;accompagner et de pr\u00e9parer les comp\u00e9titeurs nationaux pour les futures qualifications aux Jeux Olympiques de l&rsquo;e-sport. Restez connect\u00e9s pour suivre les pr\u00e9paratifs L\u2019AMPCE encourage tous les passionn\u00e9s d\u2019e-sport \u00e0 se mobiliser et \u00e0 suivre de pr\u00e8s les prochaines \u00e9tapes de s\u00e9lection. Nous continuerons \u00e0 informer la communaut\u00e9 malienne sur les avanc\u00e9es du projet et les opportunit\u00e9s de participation. Suivez-nous pour ne rien manquer et ensemble, faisons rayonner l&rsquo;e-sport malien sur la sc\u00e8ne olympique !<\/p>","protected":false},"author":2,"featured_media":648,"comment_status":"open","ping_status":"open","sticky":false,"template":"","format":"standard","meta":{"iawp_total_views":11,"footnotes":""},"categories":[1],"tags":[],"class_list":["post-526","post","type-post","status-publish","format-standard","has-post-thumbnail","hentry","category-actualite"],"_links":{"self":[{"href":"https:\/\/www.ampce-mali.org\/en\/wp-json\/wp\/v2\/posts\/526","targetHints":{"allow":["GET"]}}],"collection":[{"href":"https:\/\/www.ampce-mali.org\/en\/wp-json\/wp\/v2\/posts"}],"about":[{"href":"https:\/\/www.ampce-mali.org\/en\/wp-json\/wp\/v2\/types\/post"}],"author":[{"embeddable":true,"href":"https:\/\/www.ampce-mali.org\/en\/wp-json\/wp\/v2\/users\/2"}],"replies":[{"embeddable":true,"href":"https:\/\/www.ampce-mali.org\/en\/wp-json\/wp\/v2\/comments?post=526"}],"version-history":[{"count":78,"href":"https:\/\/www.ampce-mali.org\/en\/wp-json\/wp\/v2\/posts\/526\/revisions"}],"predecessor-version":[{"id":709,"href":"https:\/\/www.ampce-mali.org\/en\/wp-json\/wp\/v2\/posts\/526\/revisions\/709"}],"wp:featuredmedia":[{"embeddable":true,"href":"https:\/\/www.ampce-mali.org\/en\/wp-json\/wp\/v2\/media\/648"}],"wp:attachment":[{"href":"https:\/\/www.ampce-mali.org\/en\/wp-json\/wp\/v2\/media?parent=526"}],"wp:term":[{"taxonomy":"category","embeddable":true,"href":"https:\/\/www.ampce-mali.org\/en\/wp-json\/wp\/v2\/categories?post=526"},{"taxonomy":"post_tag","embeddable":true,"href":"https:\/\/www.ampce-mali.org\/en\/wp-json\/wp\/v2\/tags?post=526"}],"curies":[{"name":"wp","href":"https:\/\/api.w.org\/{rel}","templated":true}]}}